{"id":2775,"date":"2020-11-20T11:32:12","date_gmt":"2020-11-20T08:32:12","guid":{"rendered":"https:\/\/ia.com.tr\/?p=2775"},"modified":"2020-11-23T22:17:10","modified_gmt":"2020-11-23T19:17:10","slug":"beklenen-kanun-17-kasim-2020-tarihinde-yururluge-girdi-bazi-alacaklarin-yeniden-yapilandirilmasi-ile-ilgili-kanunla-sunulan-firsatlari-kacirmayiniz","status":"publish","type":"post","link":"https:\/\/ia.com.tr\/tr\/beklenen-kanun-17-kasim-2020-tarihinde-yururluge-girdi-bazi-alacaklarin-yeniden-yapilandirilmasi-ile-ilgili-kanunla-sunulan-firsatlari-kacirmayiniz\/","title":{"rendered":"Beklenen Kanun 17 Kas\u0131m 2020 Tarihinde Y\u00fcr\u00fcrl\u00fc\u011fe Girdi!"},"content":{"rendered":"<p><strong>Baz\u0131 Alacaklar\u0131n Yeniden Yap\u0131land\u0131r\u0131lmas\u0131 ile ilgili Kanunla Sunulan F\u0131rsatlar\u0131 Ka\u00e7\u0131rmay\u0131n\u0131z!<\/strong><\/p>\n<p style=\"text-align: justify;\"><span style=\"vertical-align: inherit;\"><span style=\"vertical-align: inherit;\">S\u00f6z konusu Kanun ile;<\/span><\/span><\/p>\n<ul style=\"text-align: justify;\">\n<li><span style=\"vertical-align: inherit;\"><span style=\"vertical-align: inherit;\">Vergi dairesine \u00f6denmemi\u015f vergi ve di\u011fer bor\u00e7lara gecikme zamlar\u0131 ve faizleri yerine Y\u0130-\u00dcFE (Yurt \u0130\u00e7i \u00dcretici Fiyat Endeksi) baz\u0131 g\u00fcncelleme yap\u0131lmas\u0131,<\/span><\/span><\/li>\n<li><span style=\"vertical-align: inherit;\"><span style=\"vertical-align: inherit;\">Vergi asl\u0131na ba\u011fl\u0131 cezalar\u0131n (vergi ziyan\u0131 cezas\u0131) tamam\u0131n\u0131n silinmesi,<\/span><\/span><\/li>\n<li><span style=\"vertical-align: inherit;\"><span style=\"vertical-align: inherit;\">Vergi asl\u0131na ba\u011fl\u0131 olmayan usuls\u00fczl\u00fck ve \u00f6zel usuls\u00fczl\u00fck cezalar\u0131n\u0131n% 50&#8217;sinin silinmesi,<\/span><\/span><\/li>\n<li><span style=\"vertical-align: inherit;\"><span style=\"vertical-align: inherit;\">Motorlu Ta\u015f\u0131tlar Vergisi borcuna ba\u011fl\u0131 faizler yerine Y\u0130-\u00dcFE de\u011fi\u015fiklik yap\u0131lmas\u0131,<\/span><\/span><\/li>\n<li><span style=\"vertical-align: inherit;\"><span style=\"vertical-align: inherit;\">\u00d6\u011frenim ve \/ veya katk\u0131 kredilerine bor\u00e7lar\u0131na ba\u011fl\u0131 gecikme zamlar\u0131 yerine Y\u0130-\u00dcFE&#8217;nin d\u00fczeltilmesi yap\u0131lmas\u0131,<\/span><\/span><\/li>\n<li><span style=\"vertical-align: inherit;\"><span style=\"vertical-align: inherit;\">Pe\u015fin \u00f6demelerde Y\u0130-\u00dcFE fiyat hesaplanan tutardan ayr\u0131ca% 90 indirim yap\u0131lmas\u0131,<\/span><\/span><\/li>\n<li><span style=\"vertical-align: inherit;\"><span style=\"vertical-align: inherit;\">Trafik para cezalar\u0131 ve di\u011fer idari para cezalar\u0131n\u0131n pe\u015fin \u00f6denmesi halinde as\u0131llar\u0131nda% 25 indirim yap\u0131lmas\u0131,<\/span><\/span><\/li>\n<\/ul>\n<p style=\"text-align: justify;\"><span style=\"vertical-align: inherit;\"><span style=\"vertical-align: inherit;\">Taksitli \u00f6deme tercih edilmesi tercih edilmesi ilk taksitin s\u00fcresinde \u00f6denmesi \u015fart\u0131yla, ikinci taksit \u00f6deme s\u00fcresi i\u00e7inde geri kalan taksitlerin tamam\u0131n\u0131n \u00f6denmesi halinde;<\/span><\/span><\/p>\n<ul style=\"text-align: justify;\">\n<li><span style=\"vertical-align: inherit;\"><span style=\"vertical-align: inherit;\">Y\u0130-\u00dcFE \u00fccret hesaplanan tutardan ayr\u0131ca% 50 indirim yap\u0131lmas\u0131,<\/span><\/span><\/li>\n<li><span style=\"vertical-align: inherit;\"><span style=\"vertical-align: inherit;\">Trafik para cezalar\u0131 ve di\u011fer idari para cezalar\u0131 as\u0131llar\u0131nda% 12,5 yap\u0131lmas\u0131 yap\u0131lmas\u0131,<\/span><\/span><\/li>\n<\/ul>\n<ul style=\"text-align: justify;\">\n<li><span style=\"vertical-align: inherit;\"><span style=\"vertical-align: inherit;\">Yap\u0131land\u0131r\u0131lan tutarlar\u0131n pe\u015fin veya iki\u015fer ayl\u0131k d\u00f6nemlerde 6, 9, 12, 18 e\u015fit taksitler \u00f6denmesi,<\/span><\/span><\/li>\n<li><span style=\"vertical-align: inherit;\"><span style=\"vertical-align: inherit;\">Yap\u0131land\u0131r\u0131lan bor\u00e7lar\u0131 anla\u015fmal\u0131 bankalar\u0131n banka kart\u0131 ve kredi kart\u0131 ile \u00f6denmesi,<\/span><\/span><\/li>\n<li><span style=\"vertical-align: inherit;\"><span style=\"vertical-align: inherit;\">Vadesi 31\/12\/2014 gezide olan asl\u0131 100 TL ve a\u00e7\u0131k bor\u00e7lar\u0131n silinmesi,<\/span><\/span><\/li>\n<li><span style=\"vertical-align: inherit;\"><span style=\"vertical-align: inherit;\">7143 say\u0131l\u0131 Kanunla devam eden bor\u00e7lar\u0131n yeniden yap\u0131land\u0131r\u0131lmas\u0131,<\/span><\/span><\/li>\n<li><span style=\"vertical-align: inherit;\"><span style=\"vertical-align: inherit;\">6183 say\u0131l\u0131 Kanun y\u00fcr\u00fctme tecili devam eden bor\u00e7lar\u0131n yeniden yap\u0131land\u0131r\u0131lmas\u0131<\/span><\/span><\/li>\n<\/ul>\n<p style=\"text-align: justify;\"><span style=\"vertical-align: inherit;\"><span style=\"vertical-align: inherit;\">gibi \u00e7ok \u00f6nemli imkanlar getirilmi\u015ftir.<\/span><\/span><\/p>\n<p style=\"text-align: justify;\"><span style=\"vertical-align: inherit;\"><span style=\"vertical-align: inherit;\">Bu imkanlardan faydalanmak i\u00e7in 31 Aral\u0131k 2020 ba\u015fvurusu yap\u0131lmas\u0131.<\/span><\/span><\/p>\n<p style=\"text-align: justify;\"><span style=\"vertical-align: inherit;\"><span style=\"vertical-align: inherit;\">Ayr\u0131ca, yurt i\u00e7i ve yurt d\u0131\u015f\u0131 baz\u0131lar\u0131n\u0131n\u00a0 <\/span><\/span><em><span style=\"vertical-align: inherit;\"><span style=\"vertical-align: inherit;\">(para, alt\u0131n, d\u00f6viz, menkul k\u0131ymet ve di\u011fer sermaye piyasas\u0131 ara\u00e7lar\u0131 ile ta\u015f\u0131nmazlar)<\/span><\/span><\/em><span style=\"vertical-align: inherit;\"><span style=\"vertical-align: inherit;\"> \u00a030 Haziran 2021 <\/span><em><span style=\"vertical-align: inherit;\">miktar<\/span><\/em><span style=\"vertical-align: inherit;\"> kadar milli ekonomiye kazand\u0131r\u0131lmas\u0131 durumunda vergi al\u0131nmayacak ve incelemesi yap\u0131lmayacakt\u0131r.<\/span><\/span><\/p>\n<p style=\"text-align: justify;\"><strong><span style=\"vertical-align: inherit;\"><span style=\"vertical-align: inherit;\">Yap\u0131land\u0131rmaya ayr\u0131nt\u0131l\u0131 a\u00e7\u0131klamalar\u0131m\u0131z a\u015fa\u011f\u0131da \u00f6zetlenmi\u015ftir.<\/span><\/span><\/strong><\/p>\n<ul style=\"text-align: justify;\">\n<li><strong><span style=\"vertical-align: inherit;\"><span style=\"vertical-align: inherit;\">Kesinle\u015fmi\u015f Alacaklar<\/span><\/span><\/strong><\/li>\n<\/ul>\n<p style=\"text-align: justify;\">31.08.2020 itibariyle vadesi geldi\u011fi halde \u00f6denmemi\u015f ya da \u00f6deme s\u00fcresi hen\u00fcz ge\u00e7memi\u015f olan vergiler ve s\u00f6z konusu vergilere ili\u015fkin gecikme zamm\u0131 ve faiz ile birlikte vergi cezalar\u0131, kanun kapsam\u0131nda bulunmaktad\u0131r. Kesinle\u015fmi\u015f durumda bulunan vergi borcunun kanunda belirtilen \u015fekilde \u00f6denmesi halinde; gecikme faizi, gecikme zamm\u0131 alaca\u011f\u0131ndan vazge\u00e7ilerek ve kesinle\u015fmi\u015f as\u0131l alacak \u00fczerine Y\u0130-\u00dcFE ayl\u0131k de\u011fi\u015fim oranlar\u0131 hesaplamas\u0131 ile ilave yap\u0131lacakt\u0131r.<\/p>\n<p style=\"text-align: justify;\"><span style=\"vertical-align: inherit;\"><span style=\"vertical-align: inherit;\">\u00d6zet tablo a\u015fa\u011f\u0131daki gibidir.<\/span><\/span><\/p>\n<table width=\"707\">\n<tbody>\n<tr>\n<td width=\"192\">\n<p style=\"text-align: center;\"><strong><span style=\"vertical-align: inherit;\"><span style=\"vertical-align: inherit;\">Kapsam<\/span><\/span><\/strong><\/p>\n<\/td>\n<td style=\"text-align: center;\" width=\"187\"><strong><span style=\"vertical-align: inherit;\"><span style=\"vertical-align: inherit;\">Tahsilinden Vazge\u00e7ilen<\/span><\/span><\/strong><\/td>\n<td style=\"text-align: center;\" width=\"155\"><strong><span style=\"vertical-align: inherit;\"><span style=\"vertical-align: inherit;\">Tahsilinden Vazge\u00e7ilmeyen<\/span><\/span><\/strong><\/td>\n<td style=\"text-align: center;\" width=\"115\"><strong><span style=\"vertical-align: inherit;\"><span style=\"vertical-align: inherit;\">Hesaplama <\/span><\/span><\/strong><\/td>\n<td width=\"59\">\n<p style=\"text-align: center;\"><strong>\u00a0<\/strong><\/p>\n<\/td>\n<\/tr>\n<tr>\n<td width=\"192\">\n<p style=\"text-align: center;\"><strong><span style=\"vertical-align: inherit;\"><span style=\"vertical-align: inherit;\">A<\/span><\/span><\/strong><\/p>\n<\/td>\n<td style=\"text-align: center;\" width=\"187\"><strong><span style=\"vertical-align: inherit;\"><span style=\"vertical-align: inherit;\">B<\/span><\/span><\/strong><\/td>\n<td style=\"text-align: center;\" width=\"155\"><strong><span style=\"vertical-align: inherit;\"><span style=\"vertical-align: inherit;\">C<\/span><\/span><\/strong><\/td>\n<td style=\"text-align: center;\" width=\"115\"><strong><span style=\"vertical-align: inherit;\"><span style=\"vertical-align: inherit;\">D<\/span><\/span><\/strong><\/td>\n<td width=\"59\">\n<p style=\"text-align: center;\"><strong><span style=\"vertical-align: inherit;\"><span style=\"vertical-align: inherit;\">Vade<\/span><\/span><\/strong><\/p>\n<\/td>\n<\/tr>\n<tr>\n<td width=\"192\">\n<p style=\"text-align: left;\"><strong><span style=\"vertical-align: inherit;\"><span style=\"vertical-align: inherit;\">Vergiler + GF + GZ + Vergi Cezalar\u0131 + Vergi Cezalar\u0131na \u0130li\u015fkin Gecikme Zamlar\u0131<\/span><\/span><\/strong><\/p>\n<\/td>\n<td style=\"text-align: left;\" width=\"187\"><span style=\"vertical-align: inherit;\"><span style=\"vertical-align: inherit;\">Fer&#8217;i Alacaklar (GF \/ GZ) + Vergi Cezalar\u0131 ve Vergi Cezalar\u0131na \u0130li\u015fkin Gecikme Zamlar\u0131<\/span><\/span><\/td>\n<td style=\"text-align: left;\" width=\"155\"><span style=\"vertical-align: inherit;\"><span style=\"vertical-align: inherit;\">Amme Alaca\u011f\u0131n\u0131n Asl\u0131<\/span><\/span><\/td>\n<td style=\"text-align: left;\" width=\"115\"><span style=\"vertical-align: inherit;\"><span style=\"vertical-align: inherit;\">((C) + (CxY\u0130-\u00dcFE AYLIK DE\u011e\u0130\u015e\u0130M ORANLARI))<\/span><\/span><\/td>\n<td style=\"text-align: left;\" width=\"59\"><span style=\"vertical-align: inherit;\"><span style=\"vertical-align: inherit;\">6-18 Taksit<\/span><\/span><\/td>\n<\/tr>\n<tr>\n<td width=\"192\">\n<p style=\"text-align: left;\"><strong><span style=\"vertical-align: inherit;\"><span style=\"vertical-align: inherit;\">Asla Ba\u011fl\u0131 Olmayan Vergi Cezalar\u0131 ve \u0130\u015ftirak Ned. Kesilen Vergi Cezalar\u0131n\u0131n% 50&#8217;si<\/span><\/span><\/strong><\/p>\n<\/td>\n<td width=\"187\"><span style=\"vertical-align: inherit;\"><span style=\"vertical-align: inherit;\">Cezalar\u0131n% 50&#8217;si + Gecikme Zamm\u0131<\/span><\/span><\/td>\n<td width=\"155\"><span style=\"vertical-align: inherit;\"><span style=\"vertical-align: inherit;\">Cezalar\u0131n%% 50&#8217;si<\/span><\/span><\/td>\n<td width=\"115\"><span style=\"vertical-align: inherit;\"><span style=\"vertical-align: inherit;\">((C) + (C * Y\u0130-\u00dcFE AYLIK DE\u011e\u0130\u015e\u0130M ORANLARI))<\/span><\/span><\/td>\n<td width=\"59\"><span style=\"vertical-align: inherit;\"><span style=\"vertical-align: inherit;\">6-18 Taksit<\/span><\/span><\/td>\n<\/tr>\n<tr>\n<td width=\"192\"><strong><span style=\"vertical-align: inherit;\"><span style=\"vertical-align: inherit;\">\u0130dari Para Cezalar\u0131<\/span><\/span><\/strong><\/td>\n<td width=\"187\"><span style=\"vertical-align: inherit;\"><span style=\"vertical-align: inherit;\">Fer&#8217;i Alacaklar (GF \/ GZ)<\/span><\/span><\/td>\n<td width=\"155\"><span style=\"vertical-align: inherit;\"><span style=\"vertical-align: inherit;\">\u0130dari Para Cezas\u0131 Asl\u0131<\/span><\/span><\/td>\n<td width=\"115\"><span style=\"vertical-align: inherit;\"><span style=\"vertical-align: inherit;\">((C) + (CxY\u0130-\u00dcFE AYLIK DE\u011e\u0130\u015e\u0130M ORANLARI))<\/span><\/span><\/td>\n<td width=\"59\"><span style=\"vertical-align: inherit;\"><span style=\"vertical-align: inherit;\">6-18 Taksit<\/span><\/span><\/td>\n<\/tr>\n<tr>\n<td width=\"192\">\n<p style=\"text-align: left;\"><strong><span style=\"vertical-align: inherit;\"><span style=\"vertical-align: inherit;\">Yukar\u0131dakiler D\u0131\u015f\u0131nda Kalan Asl\u0131 Amme Alacaklar\u0131 + Faiz + Cezai Faiz + Gecikme Faizi + Gecikme Zamm\u0131 <\/span><\/span><\/strong><\/p>\n<\/td>\n<td width=\"187\"><span style=\"vertical-align: inherit;\"><span style=\"vertical-align: inherit;\">Faiz, Cezai Faiz, Gecikme Faizi ve Gecikme Zamm\u0131<\/span><\/span><\/td>\n<td width=\"155\"><span style=\"vertical-align: inherit;\"><span style=\"vertical-align: inherit;\">Amme Alaca\u011f\u0131n\u0131n Asl\u0131<\/span><\/span><\/td>\n<td width=\"115\"><span style=\"vertical-align: inherit;\"><span style=\"vertical-align: inherit;\">((C) + (CxY\u0130-\u00dcFE AYLIK DE\u011e\u0130\u015e\u0130M ORANLARI))<\/span><\/span><\/td>\n<td width=\"59\"><span style=\"vertical-align: inherit;\"><span style=\"vertical-align: inherit;\">6-18 Taksit<\/span><\/span><\/td>\n<\/tr>\n<tr>\n<td width=\"192\"><strong><span style=\"vertical-align: inherit;\"><span style=\"vertical-align: inherit;\">G\u00fcmr\u00fck Vergileri + Faiz + Gecikme Faizi + Gecikme Zamm\u0131<\/span><\/span><\/strong><\/td>\n<td width=\"187\"><span style=\"vertical-align: inherit;\"><span style=\"vertical-align: inherit;\">Faiz + Gecikme Faizi + Gecikme Zamm\u0131 + \u0130dari Para Cezas\u0131<\/span><\/span><\/td>\n<td width=\"155\"><span style=\"vertical-align: inherit;\"><span style=\"vertical-align: inherit;\">G\u00fcmr\u00fck Vergisi<\/span><\/span><\/td>\n<td width=\"115\"><span style=\"vertical-align: inherit;\"><span style=\"vertical-align: inherit;\">((C) + (CxY\u0130-\u00dcFE AYLIK DE\u011e\u0130\u015e\u0130M ORANLARI))<\/span><\/span><\/td>\n<td width=\"59\"><span style=\"vertical-align: inherit;\"><span style=\"vertical-align: inherit;\">6-18 Taksit<\/span><\/span><\/td>\n<\/tr>\n<tr>\n<td width=\"192\">\n<p style=\"text-align: left;\"><strong><span style=\"vertical-align: inherit;\"><span style=\"vertical-align: inherit;\">G\u00fcmr\u00fck Vergi Asl\u0131na Ba\u011fl\u0131 Olmaks\u0131z\u0131n Kabahatler Kanununun \u0130\u015ftirak H\u00fck\u00fcmleri Nedeniyle Kesilen \u0130dari Para Cezalar\u0131 <\/span><\/span><\/strong><\/p>\n<\/td>\n<td width=\"187\"><span style=\"vertical-align: inherit;\"><span style=\"vertical-align: inherit;\">\u0130dari Para Cezas\u0131n\u0131n% 50&#8217;si<\/span><\/span><\/td>\n<td width=\"155\"><span style=\"vertical-align: inherit;\"><span style=\"vertical-align: inherit;\">\u0130dari Para Cezas\u0131n\u0131n% 50&#8217;si<\/span><\/span><\/td>\n<td width=\"115\"><span style=\"vertical-align: inherit;\"><span style=\"vertical-align: inherit;\">C<\/span><\/span><\/td>\n<td width=\"59\"><span style=\"vertical-align: inherit;\"><span style=\"vertical-align: inherit;\">6-18 Taksit<\/span><\/span><\/td>\n<\/tr>\n<tr>\n<td style=\"text-align: left;\" width=\"192\"><strong><span style=\"vertical-align: inherit;\"><span style=\"vertical-align: inherit;\">E\u015fyan\u0131n g\u00fcmr\u00fcklenmi\u015f de\u011ferine ba\u011fl\u0131 olarak kesilmi\u015f idari para cezalar\u0131n\u0131n% 30&#8217;u + G\u00fcmr\u00fck Vergisi + Faiz + Gecikme Faizi ve Gecikme Zamm\u0131<\/span><\/span><\/strong><\/td>\n<td style=\"text-align: left;\" width=\"187\"><span style=\"vertical-align: inherit;\"><span style=\"vertical-align: inherit;\">E\u015fyan\u0131n g\u00fcmr\u00fcklenmi\u015f de\u011ferine ba\u011fl\u0131 olarak kesilmi\u015f idari para cezalar\u0131n\u0131n% 70&#8217;i + Faiz + Cezalar\u0131 Faizi ve Gecikme Zamm\u0131<\/span><\/span><\/td>\n<td style=\"text-align: left;\" width=\"155\"><span style=\"vertical-align: inherit;\"><span style=\"vertical-align: inherit;\">E\u015fyan\u0131n g\u00fcmr\u00fcklenmi\u015f de\u011ferine ba\u011fl\u0131 olarak kesilmi\u015f idari para cezalar\u0131n\u0131n% 30&#8217;u + G\u00fcmr\u00fck Vergisi<\/span><\/span><\/td>\n<td style=\"text-align: left;\" width=\"115\"><span style=\"vertical-align: inherit;\"><span style=\"vertical-align: inherit;\">((C) + (CxY\u0130-\u00dcFE AYLIK DE\u011e\u0130\u015e\u0130M ORANLARI))<\/span><\/span><\/td>\n<td width=\"59\">\n<p style=\"text-align: left;\"><span style=\"vertical-align: inherit;\"><span style=\"vertical-align: inherit;\">6-18 Taksit<\/span><\/span><\/p>\n<\/td>\n<\/tr>\n<\/tbody>\n<\/table>\n<ul style=\"text-align: justify;\">\n<li><span style=\"vertical-align: inherit;\"><span style=\"vertical-align: inherit;\">\u0130htirazi kay\u0131tla verilen beyannameler \u00fczerine tahakkuk etmi\u015f olan vergilerin sormam\u0131\u015f k\u0131sm\u0131n\u0131n \u00fczerine ile bunlara ba\u011fl\u0131 gecikme faizi ve gecikme zamm\u0131 gibi Fer&#8217;i amme alacaklar\u0131 yerine bu Kanunun yay\u0131m\u0131 g\u00f6r\u00fcn kadar Y\u0130-\u00dcFE ayl\u0131k de\u011fi\u015fim esasl\u0131 hesaplanacak tutar\u0131n; <\/span><span style=\"vertical-align: inherit;\">sadece alacaktan ibaret olmas\u0131 h\u00e2linde Fer&#8217;i alacaktan yerine Y\u0130-\u00dcFE ayl\u0131k de\u011fi\u015fim esas asl\u0131nda hesaplanacak tutar, bu Kanunda belirtilen s\u00fcre ve tamamen \u00f6denmesi \u015fart\u0131yla vergilere ba\u011fl\u0131 gecikme faizi ve gecikme zamm\u0131 gibi Fer&#8217;i amme alacaklar\u0131 ile asl\u0131 bu Kanunun yay\u0131m\u0131 zaman\u0131nda \u00f6denmi\u015f iletiler olmak \u00fczere asla ba\u011fl\u0131 olarak kesilen vergi zamlar\u0131n\u0131n tamam\u0131n\u0131n tahsilinden vazge\u00e7ilir.<\/span><\/span><\/li>\n<\/ul>\n<p style=\"text-align: justify;\"><strong><span style=\"vertical-align: inherit;\"><span style=\"vertical-align: inherit;\">Bu Kanun inci kapsam\u0131na giren d\u00f6nemlere \u00e7iftlere \u00f6rnek olup bu Kanunun yay\u0131m\u0131 tarihi 213 say\u0131l\u0131 Kanunun 15 maddesine g\u00f6re m\u00fccbir sebep h\u00e2li ilan edilmesi i\u00e7in beyanname verme ve \u00f6deme s\u00fcresi ertelenen vergilerden, \u00f6deme s\u00fcresinin son g\u00fcn\u00fc 2020 Ekim, Kas\u0131m veya aral\u0131k ay\u0131na tekab\u00fcl edecek s\u0131rayla diziler hakk\u0131nda bu Kanun h\u00fck\u00fcmleri uygulanmaz.<\/span><\/span><\/strong><\/p>\n<ul style=\"text-align: justify;\">\n<li><span style=\"vertical-align: inherit;\"><span style=\"vertical-align: inherit;\">Bu Kanun vb. \u00d6denecek olan motorlu ta\u015f\u0131tlar vergisi ve bu vergiye ba\u011fl\u0131 gecikme faizi ve gecikme zamm\u0131 yerine bu Kanunun yay\u0131m\u0131. Kadar Y\u0130-\u00dcFE ayl\u0131k de\u011fi\u015fim esas olan hesaplanacak tutar\u0131n ait oldu\u011fu ta\u015f\u0131t i\u00e7in, bu Kanun h\u00fck\u00fcmlerinin uygunlu\u011fuyla, bu Kanunda \u00f6deme \u00f6deme s\u00fcresi kadar kadar 18\/2\/1963 tarihli ve 197 say\u0131l\u0131 Motorlu Ta\u015f\u0131tlar Vergisi Kanununun 13 \u00fcnc\u00fc maddesinin (d) f\u0131kras\u0131 h\u00fckm\u00fc uygulanmaz.<\/span><\/span><\/li>\n<\/ul>\n<ul style=\"text-align: justify;\">\n<li><span style=\"vertical-align: inherit;\"><span style=\"vertical-align: inherit;\"><span style=\"vertical-align: inherit;\"><span style=\"vertical-align: inherit;\">T\u00fct\u00fcn mamulleri, makaron, yaprak sigara k\u00e2\u011f\u0131d\u0131 ve alkoll\u00fc i\u00e7kilerin t\u00fcrlerinin ve ithalat\u00e7\u0131lar\u0131n\u0131n, 213 say\u0131l\u0131 Kanunun m\u00fckerrer 257. maddesinin birinci f\u0131kras\u0131n\u0131n (6) bendinin Hazine ve Maliye Bakan yetki i\u00e7in kullan\u0131lma zorunlulu\u011fu getirilen \u00f6zel etiket ve kullan\u0131m izin verilebilmesi i\u00e7in kanun kanunlar\u0131n\u0131n ve vadelerinin verilebilmesi ve vadesi 1\/3\/2016 tarihli sonra gelen 6\/6\/2002 tarihli ve 4760 say\u0131l\u0131 \u00d6zel T\u00fcketim Vergisi Kanununa ekli (III) say\u0131l\u0131 listenin (A) ve (B) cetvellerinde yer alan \u00fcr\u00fcnlere giyim \u00f6zel t\u00fcketim ve bu vergiye ait beyannameden do\u011fan damga vergisi ile bu vergilere ba\u011fl\u0131 gecikme faizi ve gecikme zamm\u0131 yerine bu Kanunun yay\u0131m\u0131 kadar Y\u0130-\u00dcFE ayl\u0131k de\u011fi\u015fim esas esas hesaplanacak tutar\u0131n tamam\u0131n\u0131n \u00f6denmesi \u015fartt\u0131r.<\/span><\/span><\/span><\/span><\/li>\n<\/ul>\n<ul style=\"text-align: justify;\">\n<li><span style=\"vertical-align: inherit;\"><span style=\"vertical-align: inherit;\"><span style=\"vertical-align: inherit;\"><span style=\"vertical-align: inherit;\">Bu Kanunun kapsad\u0131\u011f\u0131 d\u00f6nemlere d\u00f6n\u00fck olup bu Kanunun yay\u0131m\u0131 tarihi yarg\u0131 karar\u0131 ile kesinle\u015fti\u011fi h\u00e2lde m\u00fckellefe \u00f6demeye y\u00f6nelik tebligat\u0131n yap\u0131lmayacaklar i\u00e7in m\u00fckelleflerce bu Kanunda \u00f6ng\u00f6r\u00fclen s\u00fcre ve ba\u015fvuruda bulunulmas\u0131nda alacaklar da bu madde i\u00e7inde olacak yap\u0131land\u0131r\u0131l\u0131r. <\/span><\/span><\/span><span style=\"vertical-align: inherit;\"><span style=\"vertical-align: inherit;\"><span style=\"vertical-align: inherit;\">Bu h\u00fck\u00fcm kapsam\u0131na giren alacaklar i\u00e7in ayr\u0131ca tebligat yap\u0131lmaz ve alacaklar\u0131n vade tarihi olarak Kanunun yay\u0131m\u0131 tarihi kabul edilir. <\/span><\/span><\/span><span style=\"vertical-align: inherit;\"><span style=\"vertical-align: inherit;\"><span style=\"vertical-align: inherit;\">Bu s\u00fcre sonunda \u00f6denmemesi \u00f6denmemesi de vade tarihinde yaz\u0131 yap\u0131lmaz.<\/span><\/span><\/span><\/span><\/li>\n<\/ul>\n<ul style=\"text-align: justify;\">\n<li><span style=\"vertical-align: inherit;\"><span style=\"vertical-align: inherit;\"><span style=\"vertical-align: inherit;\"><span style=\"vertical-align: inherit;\">2464 say\u0131l\u0131 Kanunun 97 nci maddesine g\u00f6re tahsili gereken \u00fccretler ile su, at\u0131k su ve kat\u0131 at\u0131k \u00fccreti alacaklar\u0131ndan vadesi 31\/8\/2020 (bu tarih \u015fah\u0131s) \u00f6nce oldu\u011fu h\u00e2lde bu Kanunun yay\u0131m\u0131 tarihi e\u015fle\u015fmemi\u015f olanlar ile bunlara ba\u011fl\u0131 fer&#8217;iler her t\u00fcrl\u00fc zamlar t\u0131kan\u0131kl\u0131\u011f\u0131) hakk\u0131nda birinci f\u0131kran\u0131n (\u00e7) h\u00fck\u00fcmlerine g\u00f6re yap\u0131lacak hesaplamalar sat\u0131n alacaklar\u0131n ayn\u0131 f\u0131kra h\u00fck\u00fcmleri \u00e7er\u00e7evesinde alacaklara ba\u011fl\u0131 cezalar\u0131n ve fer&#8217;ilerin <\/span><\/span><\/span><\/span>(s\u00f6zle\u015fmelerde d\u00fczenlenen her t\u00fcrl\u00fc ceza ve zamlar d\u00e2hil) tahsilinden vazge\u00e7ilir.<\/li>\n<\/ul>\n<ul style=\"text-align: justify;\">\n<li><span style=\"vertical-align: inherit;\"><span style=\"vertical-align: inherit;\"><span style=\"vertical-align: inherit;\"><span style=\"vertical-align: inherit;\">B\u00fcy\u00fck\u015fehir belediyelerinin, 2872 say\u0131l\u0131 Kanunun 11 inci maddesine g\u00f6re vadesi 31\/8\/2020 tarihinde (bu bize) \u00f6nce h\u00e2lde bu Kanunun yay\u0131m\u0131 tarihi d\u00f6n\u00fclmemi\u015f kat\u0131 at\u0131k as\u0131llar\u0131n\u0131n ile bunlara ba\u011fl\u0131 faiz, gecikme faizi, gecikme zamm\u0131 gibi fer &#8216;iler (s\u00f6zle\u015fmelerde d\u00fczenlenen her t\u00fcrl\u00fc zamlar i\u00e7in) hakk\u0131nda birinci f\u0131kran\u0131n (\u00e7) h\u00fck\u00fcmlerine g\u00f6re yap\u0131lacak hesaplamalar test edilen tutarlar\u0131n ayn\u0131 f\u0131kra h\u00fck\u00fcmleri \u00e7er\u00e7evesinde \u00f6denmesi h\u00e2linde bu alacaklara ba\u011fl\u0131 cezalar\u0131n ve gecikme faizi, gecikme zamm\u0131 gibi fer &#8216;ilerin (s\u00f6zle\u015fmelerde d\u00fczenlenen her t\u00fcrl\u00fc ceza) ve zamlar ger\u00e7ek ) tahsilinden vazge\u00e7ilir.<\/span><\/span><\/span><\/span><\/li>\n<\/ul>\n<ul style=\"text-align: justify;\">\n<li><span style=\"vertical-align: inherit;\"><span style=\"vertical-align: inherit;\"><span style=\"vertical-align: inherit;\"><span style=\"vertical-align: inherit;\">2560 say\u0131l\u0131 Kanun b\u00fcy\u00fck\u015fehir belediyeleri su ve kanalizasyon idarelerinin, vadesi 31\/8\/2020 tarihinde (bu tarih de\u011feri) \u00f6nce oldu\u011fu h\u00e2lde bu Kanunun yay\u0131m\u0131 tarihi cahil bulunmam\u0131\u015f; <\/span><\/span><\/span><span style=\"vertical-align: inherit;\"><span style=\"vertical-align: inherit;\"><span style=\"vertical-align: inherit;\">su ve at\u0131k su bedeli alacaklar\u0131n\u0131n as\u0131llar\u0131n\u0131n ile bunlara faiz, gecikme faizi, gecikme zamm\u0131 gibi Fer&#8217;iler (s\u00f6zle\u015fmelerde d\u00fczenlenen her t\u00fcrl\u00fc zamlar) hakk\u0131nda birinci f\u0131kran\u0131n (\u00e7) bendi h\u00fck\u00fcmlerine g\u00f6re yap\u0131lacak hesaplamalar yap\u0131lacaklar\u0131n ayn\u0131 f\u0131kra h\u00fck\u00fcmleri i\u00e7inde \u00f6denmesinde bu alacaklara ba\u011fl\u0131 cezalar\u0131n ve gecikme faizi, gecikme zamm\u0131 gibi fer &#8216;ilerin (s\u00f6zle\u015fmelerde d\u00fczenlenen her t\u00fcrl\u00fc ceza ve zamlar) tahsilinden vazge\u00e7ilir.<\/span><\/span><\/span><\/span><\/li>\n<\/ul>\n<p style=\"text-align: justify;\"><span style=\"vertical-align: inherit;\"><span style=\"vertical-align: inherit;\"><span style=\"vertical-align: inherit;\"><span style=\"vertical-align: inherit;\">Say\u0131m say\u0131lan imkanlardan isteyen bor\u00e7lular\u0131n maddede belirtilen say\u0131lar\u0131n yan\u0131 s\u0131ra dava a\u00e7mamalar\u0131, a\u00e7\u0131lm\u0131\u015f davalardan vazge\u00e7meleri ve kanun yollar\u0131na ba\u015fvurmamalar\u0131 \u015fartt\u0131r.<\/span><\/span><\/span><\/span><\/p>\n<ul style=\"text-align: justify;\">\n<li><strong><span style=\"vertical-align: inherit;\"><span style=\"vertical-align: inherit;\"><span style=\"vertical-align: inherit;\"><span style=\"vertical-align: inherit;\">Ortak H\u00fck\u00fcmler<\/span><\/span><\/span><\/span><\/strong><\/li>\n<\/ul>\n<ul style=\"text-align: justify;\">\n<li><span style=\"vertical-align: inherit;\"><span style=\"vertical-align: inherit;\"><span style=\"vertical-align: inherit;\"><span style=\"vertical-align: inherit;\">Maliye Bakanl\u0131\u011f\u0131na, G\u00fcmr\u00fck ve Ticaret Bakanl\u0131\u011f\u0131na, il \u00f6zel idarelerine, belediyelere ve Y\u0130KOB&#8217; lara ba\u011fl\u0131 tahsil dairelerine \u00f6denecek tutarlar\u0131n ilk taksitini 31 Ocak 2021 boyutuna kadar (bu tarih dahil), Sosyal G\u00fcvenlik Kurumuna ba\u011fl\u0131 tahsil dairelerine \u00f6denecek tutarlar\u0131n ise ilk taksiti 28.02.2021 ( bu tarih dahil) kadar di\u011fer taksitlerini bu tarih takip eden iki\u015fer ayl\u0131k d\u00f6nemler h\u00e2linde azami on sekiz e\u015fit taksitte \u00f6demeleri \u015fartt\u0131r.<\/span><\/span><\/span><\/span><\/li>\n<\/ul>\n<ul style=\"text-align: justify;\">\n<li><span style=\"vertical-align: inherit;\"><span style=\"vertical-align: inherit;\"><span style=\"vertical-align: inherit;\"><span style=\"vertical-align: inherit;\">Bu Kanun h\u00fck\u00fcmlerine g\u00f6re hesaplanan tutarlar pe\u015fin veya taksitler h\u00e2linde \u00f6denebilir.<\/span><\/span><\/span><\/span><\/li>\n<\/ul>\n<p style=\"text-align: justify;\"><span style=\"vertical-align: inherit;\"><span style=\"vertical-align: inherit;\"><span style=\"vertical-align: inherit;\"><span style=\"vertical-align: inherit;\">Hesaplanan tutarlar\u0131n tamam\u0131n\u0131n <\/span><\/span><strong><span style=\"vertical-align: inherit;\"><span style=\"vertical-align: inherit;\">ilk taksit \u00f6deme s\u00fcresi pe\u015fin olarak \u00f6denmesi<\/span><\/span><\/strong><span style=\"vertical-align: inherit;\"><span style=\"vertical-align: inherit;\"> h\u00e2linde katsay\u0131 uygulanmaz ve,<\/span><\/span><\/span><\/span><\/p>\n<p style=\"text-align: justify;\"><span style=\"vertical-align: inherit;\"><span style=\"vertical-align: inherit;\"><span style=\"vertical-align: inherit;\"><span style=\"vertical-align: inherit;\">1) Y\u0130-\u00dcFE&#8217;nin de\u011fi\u015fiminin yerine Fer&#8217;i alacaklar esas bilgi hesaplanacak hesaplanacak tutarlar\u0131n <\/span><\/span><strong><span style=\"vertical-align: inherit;\"><span style=\"vertical-align: inherit;\">% 90<\/span><\/span><\/strong><span style=\"vertical-align: inherit;\"><span style=\"vertical-align: inherit;\">&#8216;\u0131n\u0131n tahsilinden vazge\u00e7ilir.<\/span><\/span><\/span><\/span><\/p>\n<p style=\"text-align: justify;\"><span style=\"vertical-align: inherit;\"><span style=\"vertical-align: inherit;\"><span style=\"vertical-align: inherit;\"><span style=\"vertical-align: inherit;\">2) Bu Kanunun 1 inci maddesinin birinci f\u0131kras\u0131n\u0131n (a) bendinin (2) kurallar\u0131 alt bendi olan ve bu kanun yap\u0131land\u0131r\u0131lan idari para cezalar\u0131ndan <\/span><\/span><strong><span style=\"vertical-align: inherit;\"><span style=\"vertical-align: inherit;\">% 25<\/span><\/span><\/strong><span style=\"vertical-align: inherit;\"><span style=\"vertical-align: inherit;\"> indirim yap\u0131l\u0131r.<\/span><\/span><\/span><\/span><\/p>\n<p style=\"text-align: justify;\"><span style=\"vertical-align: inherit;\"><span style=\"vertical-align: inherit;\"><span style=\"vertical-align: inherit;\"><span style=\"vertical-align: inherit;\">3) Yap\u0131land\u0131rma sonucu \u00f6denecek alaca\u011f\u0131n sadece Fer&#8217;i alacaktan ibaret olmas\u0131 h\u00e2linde Fer&#8217;i alacak yerine Y\u0130-\u00dcFE ayl\u0131k de\u011fi\u015fim esas hesaplanacak tutardan (2. konunun on d\u00f6rd\u00fcnc\u00fc f\u0131kras\u0131 kapsam\u0131ndaki alacaklar hari\u00e7) <\/span><\/span><\/span><\/span><strong><span style=\"vertical-align: inherit;\"><span style=\"vertical-align: inherit;\"><span style=\"vertical-align: inherit;\"><span style=\"vertical-align: inherit;\">% 50<\/span><\/span><\/span><\/span><\/strong><span style=\"vertical-align: inherit;\"><span style=\"vertical-align: inherit;\"><span style=\"vertical-align: inherit;\"><span style=\"vertical-align: inherit;\"> indirim yap\u0131l\u0131r.<\/span><\/span><\/span><\/span><\/p>\n<p style=\"text-align: justify;\"><span style=\"vertical-align: inherit;\"><span style=\"vertical-align: inherit;\"><span style=\"vertical-align: inherit;\"><span style=\"vertical-align: inherit;\">Hesaplanan tutarlar\u0131n tamam\u0131n\u0131n <\/span><\/span><strong><span style=\"vertical-align: inherit;\"><span style=\"vertical-align: inherit;\">ilk iki taksit \u00f6deme s\u00fcresi i\u00e7inde \u00f6denmesi<\/span><\/span><\/strong><span style=\"vertical-align: inherit;\"><span style=\"vertical-align: inherit;\"> h\u00e2linde katsay\u0131 uygulanmaz ve,<\/span><\/span><\/span><\/span><\/p>\n<ul style=\"text-align: justify;\">\n<li><span style=\"vertical-align: inherit;\"><span style=\"vertical-align: inherit;\">Y\u0130-\u00dcFE de\u011fi\u015fiminin yerine ge\u00e7en Fer&#8217;i alacaklar esas ger\u00e7ek hesaplanacak tutarlar \u00fczerinden <\/span><\/span><strong><span style=\"vertical-align: inherit;\"><span style=\"vertical-align: inherit;\">% 50<\/span><\/span><\/strong><span style=\"vertical-align: inherit;\"><span style=\"vertical-align: inherit;\"> indirim yap\u0131l\u0131r.<\/span><\/span><\/li>\n<\/ul>\n<p style=\"text-align: justify;\"><span style=\"vertical-align: inherit;\"><span style=\"vertical-align: inherit;\"><span style=\"vertical-align: inherit;\"><span style=\"vertical-align: inherit;\">2) 1 inci birinci f\u0131kras\u0131n\u0131n (a) bendinin (2) numaral\u0131 alt bendi ile ilgili olan ve bu Kanun kapsam\u0131nda yap\u0131land\u0131r\u0131lan idari para cezalar\u0131ndan <\/span><\/span><\/span><\/span><strong><span style=\"vertical-align: inherit;\"><span style=\"vertical-align: inherit;\"><span style=\"vertical-align: inherit;\"><span style=\"vertical-align: inherit;\">% 12,5<\/span><\/span><\/span><\/span><\/strong><span style=\"vertical-align: inherit;\"><span style=\"vertical-align: inherit;\"><span style=\"vertical-align: inherit;\"><span style=\"vertical-align: inherit;\"> indirim yap\u0131l\u0131r.<\/span><\/span><\/span><\/span><\/p>\n<p style=\"text-align: justify;\"><span style=\"vertical-align: inherit;\"><span style=\"vertical-align: inherit;\"><span style=\"vertical-align: inherit;\"><span style=\"vertical-align: inherit;\">3) Yap\u0131land\u0131rma sonucu \u00f6denecek alaca\u011f\u0131n sadece Fer&#8217;i alacaktan ibaret olmas\u0131 h\u00e2linde Fer&#8217;i alacak yerine Y\u0130-\u00dcFE ayl\u0131k de\u011fi\u015fim esas hesaplanacak tutardan (2. \u00f6\u011fenin d\u00f6rd\u00fcnc\u00fc f\u0131kras\u0131 kapsam\u0131ndaki alacaklar hari\u00e7) <\/span><\/span><\/span><\/span><strong><span style=\"vertical-align: inherit;\"><span style=\"vertical-align: inherit;\"><span style=\"vertical-align: inherit;\"><span style=\"vertical-align: inherit;\">% 25<\/span><\/span><\/span><\/span><\/strong><span style=\"vertical-align: inherit;\"><span style=\"vertical-align: inherit;\"><span style=\"vertical-align: inherit;\"><span style=\"vertical-align: inherit;\"> indirim yap\u0131l\u0131r.<\/span><\/span><\/span><\/span><\/p>\n<p style=\"text-align: justify;\"><strong><span style=\"vertical-align: inherit;\"><span style=\"vertical-align: inherit;\"><span style=\"vertical-align: inherit;\"><span style=\"vertical-align: inherit;\">Taksitli \u00f6demenin tercih edilmesi durumunda<\/span><\/span><\/span><\/span><\/strong><span style=\"vertical-align: inherit;\"><span style=\"vertical-align: inherit;\"><span style=\"vertical-align: inherit;\"><span style=\"vertical-align: inherit;\"> bor\u00e7lular\u0131n ba\u015fvuruda bor\u00e7lar\u0131n\u0131 alt\u0131, dokuz, iki veya sekiz e\u015fit taksitte \u00f6deme se\u00e7eneklerinin birini tercih etmeleri bir zorunluluktur. <\/span><\/span><\/span><span style=\"vertical-align: inherit;\"><span style=\"vertical-align: inherit;\"><span style=\"vertical-align: inherit;\">Hesaplama neticesinde olu\u015facak bedeli \u00f6denecek para yat\u0131rmak iki\u015fer ayl\u0131k d\u00f6nemdeler \u00f6denecek taksit tutarlar\u0131 olu\u015fturulacakt\u0131r.<\/span><\/span><\/span><\/span><\/p>\n","protected":false},"excerpt":{"rendered":"<p>Baz\u0131 Alacaklar\u0131n Yeniden Yap\u0131land\u0131r\u0131lmas\u0131 ile ilgili Kanunla Sunulan F\u0131rsatlar\u0131 Ka\u00e7\u0131rmay\u0131n\u0131z! S\u00f6z konusu Kanun ile; Vergi dairesine \u00f6denmemi\u015f vergi ve di\u011fer bor\u00e7lara gecikme zamlar\u0131 ve faizleri yerine Y\u0130-\u00dcFE (Yurt \u0130\u00e7i \u00dcretici Fiyat Endeksi) baz\u0131 g\u00fcncelleme yap\u0131lmas\u0131, Vergi asl\u0131na ba\u011fl\u0131 cezalar\u0131n (vergi ziyan\u0131 cezas\u0131) tamam\u0131n\u0131n silinmesi, Vergi asl\u0131na ba\u011fl\u0131 olmayan usuls\u00fczl\u00fck ve \u00f6zel usuls\u00fczl\u00fck cezalar\u0131n\u0131n% 50&#8217;sinin silinmesi, [&hellip;]<\/p>\n","protected":false},"author":6,"featured_media":2498,"comment_status":"closed","ping_status":"open","sticky":false,"template":"","format":"standard","meta":{"footnotes":""},"categories":[60,55],"tags":[],"class_list":["post-2775","post","type-post","status-publish","format-standard","has-post-thumbnail","hentry","category-2020tr-sirkuler","category-memorandumlar"],"yoast_head":"<!-- This site is optimized with the Yoast SEO plugin v25.3.1 - https:\/\/yoast.com\/wordpress\/plugins\/seo\/ -->\n<title>Beklenen Kanun 17 Kas\u0131m 2020 Tarihinde Y\u00fcr\u00fcrl\u00fc\u011fe Girdi! | IA | Accounting | Payroll | Tax | Paralegal | Audit<\/title>\n<meta name=\"description\" content=\"Vergi dairesine \u00f6denmemi\u015f vergi ve di\u011fer bor\u00e7lara ba\u011fl\u0131 gecikme zamlar\u0131 ve faizleri yerine Y\u0130-\u00dcFE (Yurt \u0130\u00e7i \u00dcretici Fiyat Endeksi) oran\u0131nda g\u00fcncelleme yap\u0131lmas\u0131,\u00a0Vergi asl\u0131na ba\u011fl\u0131 cezalar\u0131n (vergi ziya\u0131 cezas\u0131) tamam\u0131n\u0131n silinmesi,\" \/>\n<meta name=\"robots\" content=\"index, follow, max-snippet:-1, max-image-preview:large, max-video-preview:-1\" \/>\n<link rel=\"canonical\" href=\"https:\/\/ia.com.tr\/tr\/beklenen-kanun-17-kasim-2020-tarihinde-yururluge-girdi-bazi-alacaklarin-yeniden-yapilandirilmasi-ile-ilgili-kanunla-sunulan-firsatlari-kacirmayiniz\/\" \/>\n<meta property=\"og:locale\" content=\"tr_TR\" \/>\n<meta property=\"og:type\" content=\"article\" \/>\n<meta property=\"og:title\" content=\"Beklenen Kanun 17 Kas\u0131m 2020 Tarihinde Y\u00fcr\u00fcrl\u00fc\u011fe Girdi! | IA | Accounting | Payroll | Tax | Paralegal | Audit\" \/>\n<meta property=\"og:description\" content=\"Vergi dairesine \u00f6denmemi\u015f vergi ve di\u011fer bor\u00e7lara ba\u011fl\u0131 gecikme zamlar\u0131 ve faizleri yerine Y\u0130-\u00dcFE (Yurt \u0130\u00e7i \u00dcretici Fiyat Endeksi) oran\u0131nda g\u00fcncelleme yap\u0131lmas\u0131,\u00a0Vergi asl\u0131na ba\u011fl\u0131 cezalar\u0131n (vergi ziya\u0131 cezas\u0131) tamam\u0131n\u0131n silinmesi,\" \/>\n<meta property=\"og:url\" content=\"https:\/\/ia.com.tr\/tr\/beklenen-kanun-17-kasim-2020-tarihinde-yururluge-girdi-bazi-alacaklarin-yeniden-yapilandirilmasi-ile-ilgili-kanunla-sunulan-firsatlari-kacirmayiniz\/\" \/>\n<meta property=\"og:site_name\" content=\"IA | Accounting | Payroll | Tax | Paralegal | Audit\" \/>\n<meta property=\"article:publisher\" content=\"https:\/\/www.facebook.com\/IndependentAccountants\" \/>\n<meta property=\"article:published_time\" content=\"2020-11-20T08:32:12+00:00\" \/>\n<meta property=\"article:modified_time\" content=\"2020-11-23T19:17:10+00:00\" \/>\n<meta property=\"og:image\" content=\"https:\/\/ia.com.tr\/wp-content\/uploads\/2019\/12\/harita_ikon.png\" \/>\n\t<meta property=\"og:image:width\" content=\"80\" \/>\n\t<meta property=\"og:image:height\" content=\"80\" \/>\n\t<meta property=\"og:image:type\" content=\"image\/png\" \/>\n<meta name=\"author\" content=\"Aysenur Salman\" \/>\n<meta name=\"twitter:card\" content=\"summary_large_image\" \/>\n<meta name=\"twitter:label1\" content=\"Yazan:\" \/>\n\t<meta name=\"twitter:data1\" content=\"Aysenur Salman\" \/>\n\t<meta name=\"twitter:label2\" content=\"Tahmini okuma s\u00fcresi\" \/>\n\t<meta name=\"twitter:data2\" content=\"10 dakika\" \/>\n<script type=\"application\/ld+json\" class=\"yoast-schema-graph\">{\"@context\":\"https:\/\/schema.org\",\"@graph\":[{\"@type\":\"Article\",\"@id\":\"https:\/\/ia.com.tr\/tr\/beklenen-kanun-17-kasim-2020-tarihinde-yururluge-girdi-bazi-alacaklarin-yeniden-yapilandirilmasi-ile-ilgili-kanunla-sunulan-firsatlari-kacirmayiniz\/#article\",\"isPartOf\":{\"@id\":\"https:\/\/ia.com.tr\/tr\/beklenen-kanun-17-kasim-2020-tarihinde-yururluge-girdi-bazi-alacaklarin-yeniden-yapilandirilmasi-ile-ilgili-kanunla-sunulan-firsatlari-kacirmayiniz\/\"},\"author\":{\"name\":\"Aysenur Salman\",\"@id\":\"https:\/\/ia.com.tr\/#\/schema\/person\/4099951a4b68c710577118e1158b7fb5\"},\"headline\":\"Beklenen Kanun 17 Kas\u0131m 2020 Tarihinde Y\u00fcr\u00fcrl\u00fc\u011fe Girdi!\",\"datePublished\":\"2020-11-20T08:32:12+00:00\",\"dateModified\":\"2020-11-23T19:17:10+00:00\",\"mainEntityOfPage\":{\"@id\":\"https:\/\/ia.com.tr\/tr\/beklenen-kanun-17-kasim-2020-tarihinde-yururluge-girdi-bazi-alacaklarin-yeniden-yapilandirilmasi-ile-ilgili-kanunla-sunulan-firsatlari-kacirmayiniz\/\"},\"wordCount\":2001,\"publisher\":{\"@id\":\"https:\/\/ia.com.tr\/#organization\"},\"image\":{\"@id\":\"https:\/\/ia.com.tr\/tr\/beklenen-kanun-17-kasim-2020-tarihinde-yururluge-girdi-bazi-alacaklarin-yeniden-yapilandirilmasi-ile-ilgili-kanunla-sunulan-firsatlari-kacirmayiniz\/#primaryimage\"},\"thumbnailUrl\":\"https:\/\/ia.com.tr\/wp-content\/uploads\/2019\/12\/harita_ikon.png\",\"articleSection\":[\"2020tr\",\"Memorandumlar\"],\"inLanguage\":\"tr\"},{\"@type\":\"WebPage\",\"@id\":\"https:\/\/ia.com.tr\/tr\/beklenen-kanun-17-kasim-2020-tarihinde-yururluge-girdi-bazi-alacaklarin-yeniden-yapilandirilmasi-ile-ilgili-kanunla-sunulan-firsatlari-kacirmayiniz\/\",\"url\":\"https:\/\/ia.com.tr\/tr\/beklenen-kanun-17-kasim-2020-tarihinde-yururluge-girdi-bazi-alacaklarin-yeniden-yapilandirilmasi-ile-ilgili-kanunla-sunulan-firsatlari-kacirmayiniz\/\",\"name\":\"Beklenen Kanun 17 Kas\u0131m 2020 Tarihinde Y\u00fcr\u00fcrl\u00fc\u011fe Girdi! | IA | Accounting | Payroll | Tax | Paralegal | Audit\",\"isPartOf\":{\"@id\":\"https:\/\/ia.com.tr\/#website\"},\"primaryImageOfPage\":{\"@id\":\"https:\/\/ia.com.tr\/tr\/beklenen-kanun-17-kasim-2020-tarihinde-yururluge-girdi-bazi-alacaklarin-yeniden-yapilandirilmasi-ile-ilgili-kanunla-sunulan-firsatlari-kacirmayiniz\/#primaryimage\"},\"image\":{\"@id\":\"https:\/\/ia.com.tr\/tr\/beklenen-kanun-17-kasim-2020-tarihinde-yururluge-girdi-bazi-alacaklarin-yeniden-yapilandirilmasi-ile-ilgili-kanunla-sunulan-firsatlari-kacirmayiniz\/#primaryimage\"},\"thumbnailUrl\":\"https:\/\/ia.com.tr\/wp-content\/uploads\/2019\/12\/harita_ikon.png\",\"datePublished\":\"2020-11-20T08:32:12+00:00\",\"dateModified\":\"2020-11-23T19:17:10+00:00\",\"description\":\"Vergi dairesine \u00f6denmemi\u015f vergi ve di\u011fer bor\u00e7lara ba\u011fl\u0131 gecikme zamlar\u0131 ve faizleri yerine Y\u0130-\u00dcFE (Yurt \u0130\u00e7i \u00dcretici Fiyat Endeksi) oran\u0131nda g\u00fcncelleme yap\u0131lmas\u0131,\u00a0Vergi asl\u0131na ba\u011fl\u0131 cezalar\u0131n (vergi ziya\u0131 cezas\u0131) tamam\u0131n\u0131n silinmesi,\",\"breadcrumb\":{\"@id\":\"https:\/\/ia.com.tr\/tr\/beklenen-kanun-17-kasim-2020-tarihinde-yururluge-girdi-bazi-alacaklarin-yeniden-yapilandirilmasi-ile-ilgili-kanunla-sunulan-firsatlari-kacirmayiniz\/#breadcrumb\"},\"inLanguage\":\"tr\",\"potentialAction\":[{\"@type\":\"ReadAction\",\"target\":[\"https:\/\/ia.com.tr\/tr\/beklenen-kanun-17-kasim-2020-tarihinde-yururluge-girdi-bazi-alacaklarin-yeniden-yapilandirilmasi-ile-ilgili-kanunla-sunulan-firsatlari-kacirmayiniz\/\"]}]},{\"@type\":\"ImageObject\",\"inLanguage\":\"tr\",\"@id\":\"https:\/\/ia.com.tr\/tr\/beklenen-kanun-17-kasim-2020-tarihinde-yururluge-girdi-bazi-alacaklarin-yeniden-yapilandirilmasi-ile-ilgili-kanunla-sunulan-firsatlari-kacirmayiniz\/#primaryimage\",\"url\":\"https:\/\/ia.com.tr\/wp-content\/uploads\/2019\/12\/harita_ikon.png\",\"contentUrl\":\"https:\/\/ia.com.tr\/wp-content\/uploads\/2019\/12\/harita_ikon.png\",\"width\":80,\"height\":80},{\"@type\":\"BreadcrumbList\",\"@id\":\"https:\/\/ia.com.tr\/tr\/beklenen-kanun-17-kasim-2020-tarihinde-yururluge-girdi-bazi-alacaklarin-yeniden-yapilandirilmasi-ile-ilgili-kanunla-sunulan-firsatlari-kacirmayiniz\/#breadcrumb\",\"itemListElement\":[{\"@type\":\"ListItem\",\"position\":1,\"name\":\"Home\",\"item\":\"https:\/\/ia.com.tr\/tr\/ana-sayfa\/\"},{\"@type\":\"ListItem\",\"position\":2,\"name\":\"Beklenen Kanun 17 Kas\u0131m 2020 Tarihinde Y\u00fcr\u00fcrl\u00fc\u011fe Girdi!\"}]},{\"@type\":\"WebSite\",\"@id\":\"https:\/\/ia.com.tr\/#website\",\"url\":\"https:\/\/ia.com.tr\/\",\"name\":\"IA | Accounting | Payroll | Tax | Paralegal | Audit\",\"description\":\"\",\"publisher\":{\"@id\":\"https:\/\/ia.com.tr\/#organization\"},\"potentialAction\":[{\"@type\":\"SearchAction\",\"target\":{\"@type\":\"EntryPoint\",\"urlTemplate\":\"https:\/\/ia.com.tr\/?s={search_term_string}\"},\"query-input\":{\"@type\":\"PropertyValueSpecification\",\"valueRequired\":true,\"valueName\":\"search_term_string\"}}],\"inLanguage\":\"tr\"},{\"@type\":\"Organization\",\"@id\":\"https:\/\/ia.com.tr\/#organization\",\"name\":\"INDEPENDENT ACCOUNTANTS & ADVISORS\",\"url\":\"https:\/\/ia.com.tr\/\",\"logo\":{\"@type\":\"ImageObject\",\"inLanguage\":\"tr\",\"@id\":\"https:\/\/ia.com.tr\/#\/schema\/logo\/image\/\",\"url\":\"https:\/\/ia.com.tr\/wp-content\/uploads\/2019\/12\/isim_yok.jpg\",\"contentUrl\":\"https:\/\/ia.com.tr\/wp-content\/uploads\/2019\/12\/isim_yok.jpg\",\"width\":193,\"height\":193,\"caption\":\"INDEPENDENT ACCOUNTANTS & ADVISORS\"},\"image\":{\"@id\":\"https:\/\/ia.com.tr\/#\/schema\/logo\/image\/\"},\"sameAs\":[\"https:\/\/www.facebook.com\/IndependentAccountants\"]},{\"@type\":\"Person\",\"@id\":\"https:\/\/ia.com.tr\/#\/schema\/person\/4099951a4b68c710577118e1158b7fb5\",\"name\":\"Aysenur Salman\",\"image\":{\"@type\":\"ImageObject\",\"inLanguage\":\"tr\",\"@id\":\"https:\/\/ia.com.tr\/#\/schema\/person\/image\/\",\"url\":\"https:\/\/secure.gravatar.com\/avatar\/de453d1e477d4ffb1eb74ffef04cdc2e662a7613e5d71206ecf39c8c8b8a7981?s=96&d=mm&r=g\",\"contentUrl\":\"https:\/\/secure.gravatar.com\/avatar\/de453d1e477d4ffb1eb74ffef04cdc2e662a7613e5d71206ecf39c8c8b8a7981?s=96&d=mm&r=g\",\"caption\":\"Aysenur Salman\"},\"sameAs\":[\"http:\/\/www.ia.com.tr\"],\"url\":\"https:\/\/ia.com.tr\/tr\/author\/aysenur\/\"}]}<\/script>\n<!-- \/ Yoast SEO plugin. -->","yoast_head_json":{"title":"Beklenen Kanun 17 Kas\u0131m 2020 Tarihinde Y\u00fcr\u00fcrl\u00fc\u011fe Girdi! | IA | Accounting | Payroll | Tax | Paralegal | Audit","description":"Vergi dairesine \u00f6denmemi\u015f vergi ve di\u011fer bor\u00e7lara ba\u011fl\u0131 gecikme zamlar\u0131 ve faizleri yerine Y\u0130-\u00dcFE (Yurt \u0130\u00e7i \u00dcretici Fiyat Endeksi) oran\u0131nda g\u00fcncelleme yap\u0131lmas\u0131,\u00a0Vergi asl\u0131na ba\u011fl\u0131 cezalar\u0131n (vergi ziya\u0131 cezas\u0131) tamam\u0131n\u0131n silinmesi,","robots":{"index":"index","follow":"follow","max-snippet":"max-snippet:-1","max-image-preview":"max-image-preview:large","max-video-preview":"max-video-preview:-1"},"canonical":"https:\/\/ia.com.tr\/tr\/beklenen-kanun-17-kasim-2020-tarihinde-yururluge-girdi-bazi-alacaklarin-yeniden-yapilandirilmasi-ile-ilgili-kanunla-sunulan-firsatlari-kacirmayiniz\/","og_locale":"tr_TR","og_type":"article","og_title":"Beklenen Kanun 17 Kas\u0131m 2020 Tarihinde Y\u00fcr\u00fcrl\u00fc\u011fe Girdi! | IA | Accounting | Payroll | Tax | Paralegal | Audit","og_description":"Vergi dairesine \u00f6denmemi\u015f vergi ve di\u011fer bor\u00e7lara ba\u011fl\u0131 gecikme zamlar\u0131 ve faizleri yerine Y\u0130-\u00dcFE (Yurt \u0130\u00e7i \u00dcretici Fiyat Endeksi) oran\u0131nda g\u00fcncelleme yap\u0131lmas\u0131,\u00a0Vergi asl\u0131na ba\u011fl\u0131 cezalar\u0131n (vergi ziya\u0131 cezas\u0131) tamam\u0131n\u0131n silinmesi,","og_url":"https:\/\/ia.com.tr\/tr\/beklenen-kanun-17-kasim-2020-tarihinde-yururluge-girdi-bazi-alacaklarin-yeniden-yapilandirilmasi-ile-ilgili-kanunla-sunulan-firsatlari-kacirmayiniz\/","og_site_name":"IA | Accounting | Payroll | Tax | Paralegal | Audit","article_publisher":"https:\/\/www.facebook.com\/IndependentAccountants","article_published_time":"2020-11-20T08:32:12+00:00","article_modified_time":"2020-11-23T19:17:10+00:00","og_image":[{"width":80,"height":80,"url":"https:\/\/ia.com.tr\/wp-content\/uploads\/2019\/12\/harita_ikon.png","type":"image\/png"}],"author":"Aysenur Salman","twitter_card":"summary_large_image","twitter_misc":{"Yazan:":"Aysenur Salman","Tahmini okuma s\u00fcresi":"10 dakika"},"schema":{"@context":"https:\/\/schema.org","@graph":[{"@type":"Article","@id":"https:\/\/ia.com.tr\/tr\/beklenen-kanun-17-kasim-2020-tarihinde-yururluge-girdi-bazi-alacaklarin-yeniden-yapilandirilmasi-ile-ilgili-kanunla-sunulan-firsatlari-kacirmayiniz\/#article","isPartOf":{"@id":"https:\/\/ia.com.tr\/tr\/beklenen-kanun-17-kasim-2020-tarihinde-yururluge-girdi-bazi-alacaklarin-yeniden-yapilandirilmasi-ile-ilgili-kanunla-sunulan-firsatlari-kacirmayiniz\/"},"author":{"name":"Aysenur Salman","@id":"https:\/\/ia.com.tr\/#\/schema\/person\/4099951a4b68c710577118e1158b7fb5"},"headline":"Beklenen Kanun 17 Kas\u0131m 2020 Tarihinde Y\u00fcr\u00fcrl\u00fc\u011fe Girdi!","datePublished":"2020-11-20T08:32:12+00:00","dateModified":"2020-11-23T19:17:10+00:00","mainEntityOfPage":{"@id":"https:\/\/ia.com.tr\/tr\/beklenen-kanun-17-kasim-2020-tarihinde-yururluge-girdi-bazi-alacaklarin-yeniden-yapilandirilmasi-ile-ilgili-kanunla-sunulan-firsatlari-kacirmayiniz\/"},"wordCount":2001,"publisher":{"@id":"https:\/\/ia.com.tr\/#organization"},"image":{"@id":"https:\/\/ia.com.tr\/tr\/beklenen-kanun-17-kasim-2020-tarihinde-yururluge-girdi-bazi-alacaklarin-yeniden-yapilandirilmasi-ile-ilgili-kanunla-sunulan-firsatlari-kacirmayiniz\/#primaryimage"},"thumbnailUrl":"https:\/\/ia.com.tr\/wp-content\/uploads\/2019\/12\/harita_ikon.png","articleSection":["2020tr","Memorandumlar"],"inLanguage":"tr"},{"@type":"WebPage","@id":"https:\/\/ia.com.tr\/tr\/beklenen-kanun-17-kasim-2020-tarihinde-yururluge-girdi-bazi-alacaklarin-yeniden-yapilandirilmasi-ile-ilgili-kanunla-sunulan-firsatlari-kacirmayiniz\/","url":"https:\/\/ia.com.tr\/tr\/beklenen-kanun-17-kasim-2020-tarihinde-yururluge-girdi-bazi-alacaklarin-yeniden-yapilandirilmasi-ile-ilgili-kanunla-sunulan-firsatlari-kacirmayiniz\/","name":"Beklenen Kanun 17 Kas\u0131m 2020 Tarihinde Y\u00fcr\u00fcrl\u00fc\u011fe Girdi! | IA | Accounting | Payroll | Tax | Paralegal | Audit","isPartOf":{"@id":"https:\/\/ia.com.tr\/#website"},"primaryImageOfPage":{"@id":"https:\/\/ia.com.tr\/tr\/beklenen-kanun-17-kasim-2020-tarihinde-yururluge-girdi-bazi-alacaklarin-yeniden-yapilandirilmasi-ile-ilgili-kanunla-sunulan-firsatlari-kacirmayiniz\/#primaryimage"},"image":{"@id":"https:\/\/ia.com.tr\/tr\/beklenen-kanun-17-kasim-2020-tarihinde-yururluge-girdi-bazi-alacaklarin-yeniden-yapilandirilmasi-ile-ilgili-kanunla-sunulan-firsatlari-kacirmayiniz\/#primaryimage"},"thumbnailUrl":"https:\/\/ia.com.tr\/wp-content\/uploads\/2019\/12\/harita_ikon.png","datePublished":"2020-11-20T08:32:12+00:00","dateModified":"2020-11-23T19:17:10+00:00","description":"Vergi dairesine \u00f6denmemi\u015f vergi ve di\u011fer bor\u00e7lara ba\u011fl\u0131 gecikme zamlar\u0131 ve faizleri yerine Y\u0130-\u00dcFE (Yurt \u0130\u00e7i \u00dcretici Fiyat Endeksi) oran\u0131nda g\u00fcncelleme yap\u0131lmas\u0131,\u00a0Vergi asl\u0131na ba\u011fl\u0131 cezalar\u0131n (vergi ziya\u0131 cezas\u0131) tamam\u0131n\u0131n silinmesi,","breadcrumb":{"@id":"https:\/\/ia.com.tr\/tr\/beklenen-kanun-17-kasim-2020-tarihinde-yururluge-girdi-bazi-alacaklarin-yeniden-yapilandirilmasi-ile-ilgili-kanunla-sunulan-firsatlari-kacirmayiniz\/#breadcrumb"},"inLanguage":"tr","potentialAction":[{"@type":"ReadAction","target":["https:\/\/ia.com.tr\/tr\/beklenen-kanun-17-kasim-2020-tarihinde-yururluge-girdi-bazi-alacaklarin-yeniden-yapilandirilmasi-ile-ilgili-kanunla-sunulan-firsatlari-kacirmayiniz\/"]}]},{"@type":"ImageObject","inLanguage":"tr","@id":"https:\/\/ia.com.tr\/tr\/beklenen-kanun-17-kasim-2020-tarihinde-yururluge-girdi-bazi-alacaklarin-yeniden-yapilandirilmasi-ile-ilgili-kanunla-sunulan-firsatlari-kacirmayiniz\/#primaryimage","url":"https:\/\/ia.com.tr\/wp-content\/uploads\/2019\/12\/harita_ikon.png","contentUrl":"https:\/\/ia.com.tr\/wp-content\/uploads\/2019\/12\/harita_ikon.png","width":80,"height":80},{"@type":"BreadcrumbList","@id":"https:\/\/ia.com.tr\/tr\/beklenen-kanun-17-kasim-2020-tarihinde-yururluge-girdi-bazi-alacaklarin-yeniden-yapilandirilmasi-ile-ilgili-kanunla-sunulan-firsatlari-kacirmayiniz\/#breadcrumb","itemListElement":[{"@type":"ListItem","position":1,"name":"Home","item":"https:\/\/ia.com.tr\/tr\/ana-sayfa\/"},{"@type":"ListItem","position":2,"name":"Beklenen Kanun 17 Kas\u0131m 2020 Tarihinde Y\u00fcr\u00fcrl\u00fc\u011fe Girdi!"}]},{"@type":"WebSite","@id":"https:\/\/ia.com.tr\/#website","url":"https:\/\/ia.com.tr\/","name":"IA | Accounting | Payroll | Tax | Paralegal | Audit","description":"","publisher":{"@id":"https:\/\/ia.com.tr\/#organization"},"potentialAction":[{"@type":"SearchAction","target":{"@type":"EntryPoint","urlTemplate":"https:\/\/ia.com.tr\/?s={search_term_string}"},"query-input":{"@type":"PropertyValueSpecification","valueRequired":true,"valueName":"search_term_string"}}],"inLanguage":"tr"},{"@type":"Organization","@id":"https:\/\/ia.com.tr\/#organization","name":"INDEPENDENT ACCOUNTANTS & ADVISORS","url":"https:\/\/ia.com.tr\/","logo":{"@type":"ImageObject","inLanguage":"tr","@id":"https:\/\/ia.com.tr\/#\/schema\/logo\/image\/","url":"https:\/\/ia.com.tr\/wp-content\/uploads\/2019\/12\/isim_yok.jpg","contentUrl":"https:\/\/ia.com.tr\/wp-content\/uploads\/2019\/12\/isim_yok.jpg","width":193,"height":193,"caption":"INDEPENDENT ACCOUNTANTS & ADVISORS"},"image":{"@id":"https:\/\/ia.com.tr\/#\/schema\/logo\/image\/"},"sameAs":["https:\/\/www.facebook.com\/IndependentAccountants"]},{"@type":"Person","@id":"https:\/\/ia.com.tr\/#\/schema\/person\/4099951a4b68c710577118e1158b7fb5","name":"Aysenur Salman","image":{"@type":"ImageObject","inLanguage":"tr","@id":"https:\/\/ia.com.tr\/#\/schema\/person\/image\/","url":"https:\/\/secure.gravatar.com\/avatar\/de453d1e477d4ffb1eb74ffef04cdc2e662a7613e5d71206ecf39c8c8b8a7981?s=96&d=mm&r=g","contentUrl":"https:\/\/secure.gravatar.com\/avatar\/de453d1e477d4ffb1eb74ffef04cdc2e662a7613e5d71206ecf39c8c8b8a7981?s=96&d=mm&r=g","caption":"Aysenur Salman"},"sameAs":["http:\/\/www.ia.com.tr"],"url":"https:\/\/ia.com.tr\/tr\/author\/aysenur\/"}]}},"_links":{"self":[{"href":"https:\/\/ia.com.tr\/tr\/wp-json\/wp\/v2\/posts\/2775","targetHints":{"allow":["GET"]}}],"collection":[{"href":"https:\/\/ia.com.tr\/tr\/wp-json\/wp\/v2\/posts"}],"about":[{"href":"https:\/\/ia.com.tr\/tr\/wp-json\/wp\/v2\/types\/post"}],"author":[{"embeddable":true,"href":"https:\/\/ia.com.tr\/tr\/wp-json\/wp\/v2\/users\/6"}],"replies":[{"embeddable":true,"href":"https:\/\/ia.com.tr\/tr\/wp-json\/wp\/v2\/comments?post=2775"}],"version-history":[{"count":10,"href":"https:\/\/ia.com.tr\/tr\/wp-json\/wp\/v2\/posts\/2775\/revisions"}],"predecessor-version":[{"id":3088,"href":"https:\/\/ia.com.tr\/tr\/wp-json\/wp\/v2\/posts\/2775\/revisions\/3088"}],"wp:featuredmedia":[{"embeddable":true,"href":"https:\/\/ia.com.tr\/tr\/wp-json\/wp\/v2\/media\/2498"}],"wp:attachment":[{"href":"https:\/\/ia.com.tr\/tr\/wp-json\/wp\/v2\/media?parent=2775"}],"wp:term":[{"taxonomy":"category","embeddable":true,"href":"https:\/\/ia.com.tr\/tr\/wp-json\/wp\/v2\/categories?post=2775"},{"taxonomy":"post_tag","embeddable":true,"href":"https:\/\/ia.com.tr\/tr\/wp-json\/wp\/v2\/tags?post=2775"}],"curies":[{"name":"wp","href":"https:\/\/api.w.org\/{rel}","templated":true}]}}